{"id":679,"date":"2020-04-22T17:22:06","date_gmt":"2020-04-15T07:48:20","guid":{"rendered":"https:\/\/uno.lc\/boeing-fotografia-editorial-retrato-2\/"},"modified":"2021-09-17T12:50:14","modified_gmt":"2021-09-17T12:50:14","slug":"alpes-short-film","status":"publish","type":"post","link":"https:\/\/uno.lc\/es\/alpes-short-film\/","title":{"rendered":"Alpes \u2014 Instagram short films"},"content":{"rendered":"","protected":false},"excerpt":{"rendered":"","protected":false},"author":2,"featured_media":977,"comment_status":"closed","ping_status":"closed","sticky":false,"template":"","format":"standard","meta":[],"categories":[8,1],"tags":[],"yoast_head":"<!-- This site is optimized with the Yoast SEO plugin v14.0.4 - https:\/\/yoast.com\/wordpress\/plugins\/seo\/ -->\n<meta name=\"robots\" content=\"index, follow\" \/>\n<meta name=\"googlebot\" content=\"index, follow, max-snippet:-1, max-image-preview:large, max-video-preview:-1\" \/>\n<meta name=\"bingbot\" content=\"index, follow, max-snippet:-1, max-image-preview:large, max-video-preview:-1\" \/>\n<link rel=\"canonical\" href=\"https:\/\/uno.lc\/alpes-short-film\/\" \/>\n<meta property=\"og:locale\" content=\"es_ES\" \/>\n<meta property=\"og:type\" content=\"article\" \/>\n<meta property=\"og:title\" content=\"Alpes \u2014 Instagram short films - \u00d3scar Roca \u2014 Filmmaker, DOP, Camera Owner\/Operator.\" \/>\n<meta property=\"og:url\" content=\"https:\/\/uno.lc\/alpes-short-film\/\" \/>\n<meta property=\"og:site_name\" content=\"\u00d3scar Roca \u2014 Filmmaker, DOP, Camera Owner\/Operator.\" \/>\n<meta property=\"article:published_time\" content=\"2020-04-15T07:48:20+00:00\" \/>\n<meta property=\"article:modified_time\" content=\"2021-09-17T12:50:14+00:00\" \/>\n<meta property=\"og:image\" content=\"https:\/\/uno.lc\/web\/wp-content\/uploads\/2020\/04\/thumbnailstatic-alpes.jpg\" \/>\n\t<meta property=\"og:image:width\" content=\"2228\" \/>\n\t<meta property=\"og:image:height\" content=\"1092\" \/>\n<meta name=\"twitter:card\" content=\"summary_large_image\" \/>\n<script type=\"application\/ld+json\" class=\"yoast-schema-graph\">{\"@context\":\"https:\/\/schema.org\",\"@graph\":[{\"@type\":\"WebSite\",\"@id\":\"https:\/\/uno.lc\/es\/#website\",\"url\":\"https:\/\/uno.lc\/es\/\",\"name\":\"\\u00d3scar Roca \\u2014 Filmmaker, DOP, Camera Owner\/Operator.\",\"description\":\"\",\"potentialAction\":[{\"@type\":\"SearchAction\",\"target\":\"https:\/\/uno.lc\/es\/?s={search_term_string}\",\"query-input\":\"required name=search_term_string\"}],\"inLanguage\":\"es\"},{\"@type\":\"ImageObject\",\"@id\":\"https:\/\/uno.lc\/alpes-short-film\/#primaryimage\",\"inLanguage\":\"es\",\"url\":\"https:\/\/uno.lc\/web\/wp-content\/uploads\/2020\/04\/thumbnailstatic-alpes.jpg\",\"width\":2228,\"height\":1092},{\"@type\":\"WebPage\",\"@id\":\"https:\/\/uno.lc\/alpes-short-film\/#webpage\",\"url\":\"https:\/\/uno.lc\/alpes-short-film\/\",\"name\":\"Alpes \\u2014 Instagram short films - \\u00d3scar Roca \\u2014 Filmmaker, DOP, Camera Owner\/Operator.\",\"isPartOf\":{\"@id\":\"https:\/\/uno.lc\/es\/#website\"},\"primaryImageOfPage\":{\"@id\":\"https:\/\/uno.lc\/alpes-short-film\/#primaryimage\"},\"datePublished\":\"2020-04-15T07:48:20+00:00\",\"dateModified\":\"2021-09-17T12:50:14+00:00\",\"author\":{\"@id\":\"https:\/\/uno.lc\/es\/#\/schema\/person\/61a6098ddbd4f141816f45997658e4cb\"},\"inLanguage\":\"es\",\"potentialAction\":[{\"@type\":\"ReadAction\",\"target\":[\"https:\/\/uno.lc\/alpes-short-film\/\"]}]},{\"@type\":[\"Person\"],\"@id\":\"https:\/\/uno.lc\/es\/#\/schema\/person\/61a6098ddbd4f141816f45997658e4cb\",\"name\":\"admin\",\"image\":{\"@type\":\"ImageObject\",\"@id\":\"https:\/\/uno.lc\/es\/#personlogo\",\"inLanguage\":\"es\",\"url\":\"https:\/\/secure.gravatar.com\/avatar\/5fde55eecbb1ed800621c49b2269950a?s=96&d=mm&r=g\",\"caption\":\"admin\"}}]}<\/script>\n<!-- \/ Yoast SEO plugin. -->","grid":"{\r\n  \"colCount\": 16,\r\n  \"colGutter\": 1,\r\n  \"rowGutters\": [\r\n    1,\r\n    1,\r\n    3,\r\n    3,\r\n    3\r\n  ],\r\n  \"frameMargin\": 2,\r\n  \"topFrameMargin\": 0,\r\n  \"bottomFrameMargin\": 6,\r\n  \"rowAttrs\": [\r\n    {},\r\n    {},\r\n    {},\r\n    {},\r\n    {},\r\n    {}\r\n  ],\r\n  \"bgColor\": null,\r\n  \"cont\": [\r\n    {\r\n      \"type\": \"text\",\r\n      \"cont\": \"<h2 class=\\\"_Default\\\">ALPES \u2014 INSTAGRAM SHORT FILMS<\/h2>\",\r\n      \"align\": \"middle\",\r\n      \"row\": 0,\r\n      \"col\": 0,\r\n      \"colspan\": 8,\r\n      \"offsetx\": 0,\r\n      \"offsety\": 0,\r\n      \"spaceabove\": 12,\r\n      \"spacebelow\": 0,\r\n      \"yvel\": 1,\r\n      \"push\": 0,\r\n      \"relid\": 4\r\n    },\r\n    {\r\n      \"type\": \"text\",\r\n      \"cont\": \"<p class=\\\"p1\\\"><span class=\\\"s1\\\">Alpes Franco-Suizos. Serie de mini clips para Instagram.<\/span><\/p><p class=\\\"p1\\\"><span class=\\\"s1\\\">Esta serie audiovisual, re\u00fane tres clips con destino para redes sociales que celebran el entorno de los Alpes Franco-Su\u00edzos desde un punto de vista art\u00edstico y \u00fanico, en busca de la belleza en la autenticidad de la naturaleza. <\/span><\/p>\",\r\n      \"align\": \"top\",\r\n      \"row\": 1,\r\n      \"col\": 0,\r\n      \"colspan\": 8,\r\n      \"offsetx\": 0,\r\n      \"offsety\": 0,\r\n      \"spaceabove\": 0,\r\n      \"spacebelow\": 0,\r\n      \"yvel\": 1,\r\n      \"push\": 0,\r\n      \"relid\": 5,\r\n      \"frameOverflow\": \"\"\r\n    },\r\n    {\r\n      \"type\": \"text\",\r\n      \"cont\": \"<h3>#2015 #alpes #alps #viajes #travel #dop #video #film<\/h3>\",\r\n      \"align\": \"middle\",\r\n      \"row\": 2,\r\n      \"col\": 0,\r\n      \"colspan\": 8,\r\n      \"offsetx\": 0,\r\n      \"offsety\": 0,\r\n      \"spaceabove\": 0,\r\n      \"spacebelow\": 0,\r\n      \"yvel\": 1,\r\n      \"push\": 0,\r\n      \"relid\": 6\r\n    },\r\n    {\r\n      \"type\": \"video\",\r\n      \"cont\": \"https:\/\/i.vimeocdn.com\/video\/882461905_200x150.jpg\",\r\n      \"align\": \"middle\",\r\n      \"row\": 3,\r\n      \"col\": 4,\r\n      \"colspan\": 8,\r\n      \"offsetx\": 0,\r\n      \"offsety\": 0,\r\n      \"spaceabove\": 0,\r\n      \"spacebelow\": 0,\r\n      \"yvel\": 1,\r\n      \"push\": 4,\r\n      \"relid\": 47,\r\n      \"iframe\": \"<iframe src=\\\"\/\/player.vimeo.com\/video\/410699673?api=1&title=0&amp;byline=0&amp;portrait=0&amp;color=ffffff\\\" width=\\\"240\\\" height=\\\"240\\\" frameborder=\\\"0\\\" webkitallowfullscreen mozallowfullscreen allowfullscreen><\/iframe>\",\r\n      \"url\": \"https:\/\/vimeo.com\/410699673\/d5f1735403\",\r\n      \"w\": 240,\r\n      \"h\": 240,\r\n      \"ar\": 1,\r\n      \"frameOverflow\": \"\"\r\n    },\r\n    {\r\n      \"type\": \"video\",\r\n      \"cont\": \"https:\/\/i.vimeocdn.com\/video\/882475821_200x150.jpg\",\r\n      \"align\": \"top\",\r\n      \"row\": 4,\r\n      \"col\": 4,\r\n      \"colspan\": 8,\r\n      \"offsetx\": 0,\r\n      \"offsety\": 0,\r\n      \"spaceabove\": 0,\r\n      \"spacebelow\": 0,\r\n      \"yvel\": 1,\r\n      \"push\": 4,\r\n      \"relid\": 1548,\r\n      \"iframe\": \"<iframe src=\\\"\/\/player.vimeo.com\/video\/410710057?api=1&title=0&amp;byline=0&amp;portrait=0&amp;color=ffffff\\\" width=\\\"240\\\" height=\\\"240\\\" frameborder=\\\"0\\\" webkitallowfullscreen mozallowfullscreen allowfullscreen><\/iframe>\",\r\n      \"url\": \"https:\/\/vimeo.com\/410710057\",\r\n      \"w\": 240,\r\n      \"h\": 240,\r\n      \"ar\": 1,\r\n      \"frameOverflow\": \"\"\r\n    },\r\n    {\r\n      \"type\": \"video\",\r\n      \"cont\": \"https:\/\/i.vimeocdn.com\/video\/882460776_200x150.jpg\",\r\n      \"align\": \"top\",\r\n      \"row\": 5,\r\n      \"col\": 4,\r\n      \"colspan\": 8,\r\n      \"offsetx\": 0,\r\n      \"offsety\": 0,\r\n      \"spaceabove\": 0,\r\n      \"spacebelow\": 0,\r\n      \"yvel\": 1,\r\n      \"push\": 4,\r\n      \"relid\": 48,\r\n      \"iframe\": \"<iframe src=\\\"\/\/player.vimeo.com\/video\/410697822?api=1&title=0&amp;byline=0&amp;portrait=0&amp;color=ffffff\\\" width=\\\"240\\\" height=\\\"240\\\" frameborder=\\\"0\\\" webkitallowfullscreen mozallowfullscreen allowfullscreen><\/iframe>\",\r\n      \"url\": \"https:\/\/vimeo.com\/410697822\",\r\n      \"w\": 240,\r\n      \"h\": 240,\r\n      \"ar\": 1,\r\n      \"frameOverflow\": \"\"\r\n    }\r\n  ]\r\n}","phonegrid":"{\r\n  \"colCount\": 1,\r\n  \"colGutter\": 1,\r\n  \"rowGutters\": [\r\n    5,\r\n    5,\r\n    15,\r\n    15,\r\n    15\r\n  ],\r\n  \"frameMargin\": 3,\r\n  \"topFrameMargin\": 58,\r\n  \"bottomFrameMargin\": 10,\r\n  \"rowAttrs\": [\r\n    {},\r\n    {},\r\n    {},\r\n    {},\r\n    {},\r\n    {}\r\n  ],\r\n  \"bgColor\": null,\r\n  \"cont\": [\r\n    {\r\n      \"type\": \"text\",\r\n      \"cont\": \"<h2 class=\\\"_Default\\\">ALPES \u2014 INSTAGRAM SHORT FILMS<\/h2>\",\r\n      \"align\": \"bottom\",\r\n      \"row\": 0,\r\n      \"col\": 0,\r\n      \"colspan\": 1,\r\n      \"offsetx\": 0,\r\n      \"offsety\": 0,\r\n      \"spaceabove\": 0,\r\n      \"spacebelow\": 0,\r\n      \"yvel\": 1,\r\n      \"push\": 0,\r\n      \"relid\": 4\r\n    },\r\n    {\r\n      \"type\": \"text\",\r\n      \"cont\": \"<p class=\\\"p1\\\"><span class=\\\"s1\\\">Alpes Franco-Suizos. Serie de mini clips para Instagram.<\/span><\/p><p class=\\\"p1\\\"><span class=\\\"s1\\\">Esta serie audiovisual, re\u00fane tres clips con destino para redes sociales que celebran el entorno de los Alpes Franco-Su\u00edzos desde un punto de vista art\u00edstico y \u00fanico, en busca de la belleza en la autenticidad de la naturaleza. <\/span><\/p>\",\r\n      \"align\": \"bottom\",\r\n      \"row\": 1,\r\n      \"col\": 0,\r\n      \"colspan\": 1,\r\n      \"offsetx\": 0,\r\n      \"offsety\": 0,\r\n      \"spaceabove\": 0,\r\n      \"spacebelow\": 0,\r\n      \"yvel\": 1,\r\n      \"push\": 0,\r\n      \"relid\": 5,\r\n      \"frameOverflow\": \"\"\r\n    },\r\n    {\r\n      \"type\": \"text\",\r\n      \"cont\": \"<h3>#2015 #alpes #alps #viajes #travel #dop #video #film<\/h3>\",\r\n      \"align\": \"bottom\",\r\n      \"row\": 2,\r\n      \"col\": 0,\r\n      \"colspan\": 1,\r\n      \"offsetx\": 0,\r\n      \"offsety\": 0,\r\n      \"spaceabove\": 0,\r\n      \"spacebelow\": 0,\r\n      \"yvel\": 1,\r\n      \"push\": 0,\r\n      \"relid\": 6\r\n    },\r\n    {\r\n      \"type\": \"video\",\r\n      \"cont\": \"https:\/\/i.vimeocdn.com\/video\/882461905_200x150.jpg\",\r\n      \"align\": \"bottom\",\r\n      \"row\": 3,\r\n      \"col\": 0,\r\n      \"colspan\": 1,\r\n      \"offsetx\": 0,\r\n      \"offsety\": 0,\r\n      \"spaceabove\": 0,\r\n      \"spacebelow\": 0,\r\n      \"yvel\": 1,\r\n      \"push\": 0,\r\n      \"relid\": 47,\r\n      \"iframe\": \"<iframe src=\\\"\/\/player.vimeo.com\/video\/410699673?api=1&title=0&amp;byline=0&amp;portrait=0&amp;color=ffffff\\\" width=\\\"240\\\" height=\\\"240\\\" frameborder=\\\"0\\\" webkitallowfullscreen mozallowfullscreen allowfullscreen><\/iframe>\",\r\n      \"url\": \"https:\/\/vimeo.com\/410699673\/d5f1735403\",\r\n      \"w\": 240,\r\n      \"h\": 240,\r\n      \"ar\": 1,\r\n      \"frameOverflow\": \"\"\r\n    },\r\n    {\r\n      \"type\": \"video\",\r\n      \"cont\": \"https:\/\/i.vimeocdn.com\/video\/882475821_200x150.jpg\",\r\n      \"align\": \"bottom\",\r\n      \"row\": 4,\r\n      \"col\": 0,\r\n      \"colspan\": 1,\r\n      \"offsetx\": 0,\r\n      \"offsety\": 0,\r\n      \"spaceabove\": 0,\r\n      \"spacebelow\": 0,\r\n      \"yvel\": 1,\r\n      \"push\": 0,\r\n      \"relid\": 1548,\r\n      \"iframe\": \"<iframe src=\\\"\/\/player.vimeo.com\/video\/410710057?api=1&title=0&amp;byline=0&amp;portrait=0&amp;color=ffffff\\\" width=\\\"240\\\" height=\\\"240\\\" frameborder=\\\"0\\\" webkitallowfullscreen mozallowfullscreen allowfullscreen><\/iframe>\",\r\n      \"url\": \"https:\/\/vimeo.com\/410710057\",\r\n      \"w\": 240,\r\n      \"h\": 240,\r\n      \"ar\": 1,\r\n      \"frameOverflow\": \"\"\r\n    },\r\n    {\r\n      \"type\": \"video\",\r\n      \"cont\": \"https:\/\/i.vimeocdn.com\/video\/882460776_200x150.jpg\",\r\n      \"align\": \"bottom\",\r\n      \"row\": 5,\r\n      \"col\": 0,\r\n      \"colspan\": 1,\r\n      \"offsetx\": 0,\r\n      \"offsety\": 0,\r\n      \"spaceabove\": 0,\r\n      \"spacebelow\": 0,\r\n      \"yvel\": 1,\r\n      \"push\": 0,\r\n      \"relid\": 48,\r\n      \"iframe\": \"<iframe src=\\\"\/\/player.vimeo.com\/video\/410697822?api=1&title=0&amp;byline=0&amp;portrait=0&amp;color=ffffff\\\" width=\\\"240\\\" height=\\\"240\\\" frameborder=\\\"0\\\" webkitallowfullscreen mozallowfullscreen allowfullscreen><\/iframe>\",\r\n      \"url\": \"https:\/\/vimeo.com\/410697822\",\r\n      \"w\": 240,\r\n      \"h\": 240,\r\n      \"ar\": 1,\r\n      \"frameOverflow\": \"\"\r\n    }\r\n  ]\r\n}","_links":{"self":[{"href":"https:\/\/uno.lc\/es\/wp-json\/wp\/v2\/posts\/679"}],"collection":[{"href":"https:\/\/uno.lc\/es\/wp-json\/wp\/v2\/posts"}],"about":[{"href":"https:\/\/uno.lc\/es\/wp-json\/wp\/v2\/types\/post"}],"author":[{"embeddable":true,"href":"https:\/\/uno.lc\/es\/wp-json\/wp\/v2\/users\/2"}],"replies":[{"embeddable":true,"href":"https:\/\/uno.lc\/es\/wp-json\/wp\/v2\/comments?post=679"}],"version-history":[{"count":0,"href":"https:\/\/uno.lc\/es\/wp-json\/wp\/v2\/posts\/679\/revisions"}],"wp:featuredmedia":[{"embeddable":true,"href":"https:\/\/uno.lc\/es\/wp-json\/wp\/v2\/media\/977"}],"wp:attachment":[{"href":"https:\/\/uno.lc\/es\/wp-json\/wp\/v2\/media?parent=679"}],"wp:term":[{"taxonomy":"category","embeddable":true,"href":"https:\/\/uno.lc\/es\/wp-json\/wp\/v2\/categories?post=679"},{"taxonomy":"post_tag","embeddable":true,"href":"https:\/\/uno.lc\/es\/wp-json\/wp\/v2\/tags?post=679"}],"curies":[{"name":"wp","href":"https:\/\/api.w.org\/{rel}","templated":true}]}}